{"id":556,"date":"2023-11-14T10:04:23","date_gmt":"2023-11-14T13:04:23","guid":{"rendered":"https:\/\/www.neogensementes.com.br\/blog\/?p=556"},"modified":"2023-11-14T10:04:23","modified_gmt":"2023-11-14T13:04:23","slug":"pragas-iniciais-da-soja","status":"publish","type":"post","link":"https:\/\/www.neogensementes.com.br\/blog\/2023\/11\/14\/pragas-iniciais-da-soja\/","title":{"rendered":"Conhe\u00e7a as principais pragas iniciais da soja"},"content":{"rendered":"<p><span style=\"font-weight: 400;\">Durante toda a safra, o produtor de soja deve estar atento ao ataque de pragas. Nos est\u00e1gios iniciais da cultura, p\u00f3s-semeadura, a presen\u00e7a desses organismos pode ocasionar grandes preju\u00edzos, sobretudo<\/span><b> na uniformidade do estande e das plantas, no vigor das sementes e no estabelecimento da cultura<\/b><span style=\"font-weight: 400;\">. Todos esses danos, por sua vez, <\/span><b>afetam diretamente o rendimento da lavoura.<\/b><\/p>\n<p><a href=\"https:\/\/www.embrapa.br\/busca-de-noticias\/-\/noticia\/75951534\/artigo---cuidados-com-as-pragas-iniciais-da-soja#:~:text=A%20ocorr%C3%AAncia%20de%20pragas%20iniciais,o%20tamandu%C3%A1%2Dda%2Dsoja\"><span style=\"font-weight: 400;\">Segundo a Embrapa<\/span><\/a><span style=\"font-weight: 400;\">, as pragas iniciais da soja s\u00e3o aquelas que <\/span><b>atingem a cultura durante as etapas de germina\u00e7\u00e3o at\u00e9 cerca de 30 dias ap\u00f3s a emerg\u00eancia das plantas<\/b><span style=\"font-weight: 400;\">. Nesse sentido, destacam-se os cor\u00f3s, as vaquinhas, a mosca-branca, o tamandu\u00e1-da-soja, os percevejos e o complexo de lagartas.<\/span><\/p>\n<p>&nbsp;<\/p>\n<p><b>Os principais insetos-praga iniciais da soja<\/b><\/p>\n<p><span style=\"font-weight: 400;\">O <\/span><b>cor\u00f3<\/b><span style=\"font-weight: 400;\"> (<\/span><i><span style=\"font-weight: 400;\">Liogenys<\/span><\/i><span style=\"font-weight: 400;\"> sp.) \u00e9 um inseto que <\/span><b>ataca as ra\u00edzes da soja, incluindo os n\u00f3dulos de fixa\u00e7\u00e3o biol\u00f3gica de nitrog\u00eanio<\/b><span style=\"font-weight: 400;\">, afetando drasticamente o desenvolvimento da cultura. Caso n\u00e3o seja controlado, causa a morte das plantas devido \u00e0 <\/span><b>falta de \u00e1gua e nutrientes<\/b><span style=\"font-weight: 400;\">.\u00a0<\/span><\/p>\n<p><span style=\"font-weight: 400;\">As <\/span><b>vaquinhas<\/b><span style=\"font-weight: 400;\"> &#8211; complexo de besouros cujo mais conhecido \u00e9 a chamada vaquinha-patriota (<\/span><i><span style=\"font-weight: 400;\">Diabrotica speciosa<\/span><\/i><span style=\"font-weight: 400;\">) &#8211; tamb\u00e9m consomem as ra\u00edzes da soja, <\/span><b>podendo causar a desfolha das plantas nas fases iniciais<\/b><span style=\"font-weight: 400;\">. De forma geral, os danos das vaquinhas costumam ser menos dr\u00e1sticos que os dos cor\u00f3s.<\/span><\/p>\n<p><span style=\"font-weight: 400;\">A <\/span><b>mosca-branca<\/b><span style=\"font-weight: 400;\"> (<\/span><i><span style=\"font-weight: 400;\">Bemisia<\/span><\/i><span style=\"font-weight: 400;\"> sp.) \u00e9 um inseto sugador que prejudica diversas culturas, <\/span><b>afetando o desenvolvimento e\/ou estabelecimento das plantas de soja<\/b><span style=\"font-weight: 400;\">. Al\u00e9m disso, ela \u00e9 <\/span><b>transmissora do v\u00edrus necrose-da-haste<\/b><span style=\"font-weight: 400;\"> e ainda <\/span><b>favorece a forma\u00e7\u00e3o de fumagina<\/b><span style=\"font-weight: 400;\"> (subst\u00e2ncia secretada pelo fungo <\/span><i><span style=\"font-weight: 400;\">Capnodium <\/span><\/i><span style=\"font-weight: 400;\">sp.) sobre as folhas, o que pode dificultar a fotoss\u00edntese.<\/span><\/p>\n<p><span style=\"font-weight: 400;\">O <\/span><b>tamandu\u00e1-da-soja<\/b><span style=\"font-weight: 400;\">, tamb\u00e9m chamado de bicudo-da-soja (<\/span><i><span style=\"font-weight: 400;\">Sternechus subsignatus<\/span><\/i><span style=\"font-weight: 400;\">), \u00e9 um besouro conhecido por <\/span><b>raspar o caule e desfiar os tecidos desse local<\/b><span style=\"font-weight: 400;\">, causando danos f\u00edsicos e, consequentemente, <\/span><b>prejudicando o desenvolvimento das plantas<\/b><span style=\"font-weight: 400;\">.<\/span><\/p>\n<p><span style=\"font-weight: 400;\">O mais conhecido percevejo dos est\u00e1gios iniciais da soja \u00e9 o <\/span><b>percevejo-castanho <\/b><span style=\"font-weight: 400;\">(<\/span><i><span style=\"font-weight: 400;\">Scaptocoris<\/span><\/i><span style=\"font-weight: 400;\"> spp.), inseto reconhecido em campo pelo <\/span><b>forte odor que exala quando o solo \u00e9 movimentado<\/b><span style=\"font-weight: 400;\">. Ele age sugando a seiva das ra\u00edzes e, por isso, <\/span><b>seus danos \u00e0 soja se assemelham aos de uma defici\u00eancia nutricional<\/b><span style=\"font-weight: 400;\">. H\u00e1 uma vasta gama de outros percevejos que atacam ainda as sementes e as vagens em forma\u00e7\u00e3o, como o <\/span><b>percevejo-marrom-da-soja<\/b><span style=\"font-weight: 400;\"> (<\/span><i><span style=\"font-weight: 400;\">Euschistus heros<\/span><\/i><span style=\"font-weight: 400;\">) e o <\/span><b>percevejo-verde-pequeno<\/b><span style=\"font-weight: 400;\"> (<\/span><i><span style=\"font-weight: 400;\">Piezodorus guildinii<\/span><\/i><span style=\"font-weight: 400;\">).<\/span><\/p>\n<p><span style=\"font-weight: 400;\">Por \u00faltimo, mas t\u00e3o ou ainda mais importante, h\u00e1 o <\/span><b>complexo de lagartas da soja<\/b><span style=\"font-weight: 400;\">. Destacam-se, nessa etapa, a <\/span><b>lagarta elasmo <\/b><span style=\"font-weight: 400;\">(<\/span><i><span style=\"font-weight: 400;\">Elasmopalpus lignosellu<\/span><\/i><span style=\"font-weight: 400;\">), a <\/span><b>lagarta-da-soja<\/b><span style=\"font-weight: 400;\"> (<\/span><i><span style=\"font-weight: 400;\">Anticarsia gemmatalis<\/span><\/i><span style=\"font-weight: 400;\">), a <\/span><b>lagarta-do-cartucho<\/b><span style=\"font-weight: 400;\"> (<\/span><i><span style=\"font-weight: 400;\">Spodoptera frugiperda<\/span><\/i><span style=\"font-weight: 400;\">) e a <\/span><b>lagarta-falsa-medideira<\/b><span style=\"font-weight: 400;\"> (<\/span><i><span style=\"font-weight: 400;\">Chrysodeixis includens<\/span><\/i><span style=\"font-weight: 400;\">). De forma geral, s\u00e3o <\/span><b>pragas desfolhadoras, cujo ataque reduz a capacidade fotossint\u00e9tica das plantas. <\/b><span style=\"font-weight: 400;\">A lagarta elasmo ainda perfura a regi\u00e3o do colo da planta ap\u00f3s a emerg\u00eancia, causando a morte do vegetal.\u00a0<\/span><\/p>\n<p>&nbsp;<\/p>\n<p><b>Como controlar as pragas iniciais da soja<\/b><\/p>\n<p><span style=\"font-weight: 400;\">Para evitar os danos desses invasores \u00e0 cultura da soja, \u00e9 preciso estabelecer uma <\/span><b>estrat\u00e9gia de cuidados pr\u00e9vios e p\u00f3s-semeadura<\/b><span style=\"font-weight: 400;\">, que visem sobretudo o n\u00e3o aparecimento das pragas na lavoura.<\/span><\/p>\n<p><b>A limpeza do maquin\u00e1rio, o monitoramento constante, o fortalecimento do controle biol\u00f3gico<\/b><span style=\"font-weight: 400;\"> (presen\u00e7a de inimigos naturais) e <\/span><b>as pulveriza\u00e7\u00f5es de inseticidas com modos de a\u00e7\u00e3o alternados<\/b><span style=\"font-weight: 400;\"> (para evitar a resist\u00eancia das pragas), aplicados no sulco de semeadura ou na parte a\u00e9rea das plantas, s\u00e3o algumas das principais medidas de controle.<\/span><\/p>\n<p><span style=\"font-weight: 400;\">Todos esses recursos somam-se ao <\/span><b>Tratamento de Sementes (TSI)<\/b><span style=\"font-weight: 400;\">, que desponta como uma medida fundamental do Manejo Integrado de Pragas (MIP).<\/span><\/p>\n<p>&nbsp;<\/p>\n<p><b>Os benef\u00edcios do Tratamento de Sementes<\/b><\/p>\n<p><span style=\"font-weight: 400;\">O objetivo central do TSI \u00e9 <\/span><b>otimizar a qualidade sanit\u00e1ria das sementes<\/b><span style=\"font-weight: 400;\">. Para isso, s\u00e3o aplicados qu\u00edmicos espec\u00edficos, como <\/span><b>fungicidas, nematicidas e inseticidas<\/b><span style=\"font-weight: 400;\">, que visam <\/span><b>proteger o processo germinativo e de emerg\u00eancia das plantas<\/b><span style=\"font-weight: 400;\"> contra fungos, nematoides e insetos, respectivamente.\u00a0<\/span><\/p>\n<p><b>Ou seja, o TSI \u00e9 o preparo das sementes para uma semeadura mais segura.<\/b><\/p>\n<p><span style=\"font-weight: 400;\">Em rela\u00e7\u00e3o aos insetos-praga iniciais da soja, o Tratamento de Sementes com inseticidas \u00e9 de suma import\u00e2ncia. O recurso <\/span><b>evita falhas nos estandes, danos ap\u00f3s a emerg\u00eancia e, consequentemente, a necessidade de replantio<\/b><span style=\"font-weight: 400;\">. Os benef\u00edcios s\u00e3o tamb\u00e9m duradouros, uma vez que o TSI <\/span><b>evita o surgimento ou reduz popula\u00e7\u00f5es futuras de pragas<\/b><span style=\"font-weight: 400;\">.\u00a0<\/span><\/p>\n<p><span style=\"font-weight: 400;\">Com o bom desenvolvimento das plantas e da lavoura, de forma geral, <\/span><b>o resultado \u00e9 uma safra de melhor qualidade e rendimento.\u00a0<\/b><\/p>\n<p>&nbsp;<\/p>\n<p><b><i>Quer conferir mais informa\u00e7\u00f5es \u00fateis para a produ\u00e7\u00e3o de soja? <\/i><\/b><a href=\"https:\/\/www.neogensementes.com.br\/blog\/\"><b><i>Clique aqui<\/i><\/b><\/a><b><i> e acesse outros artigos do Blog Neogen!<\/i><\/b><\/p>\n<p><b><i>Conhe\u00e7a tamb\u00e9m o <\/i><\/b><a href=\"https:\/\/www.neogensementes.com.br\/\"><b><i>portf\u00f3lio Neogen 2022\/2023<\/i><\/b><\/a><b><i> e encontre a semente ideal para a sua \u00e1rea.<\/i><\/b><\/p>\n","protected":false},"excerpt":{"rendered":"Durante toda a safra, o produtor de soja deve estar atento ao ataque de pragas. Nos est\u00e1gios iniciais da cultura, p\u00f3s-semeadura, a presen\u00e7a desses organismos pode ocasionar grandes preju\u00edzos, sobretudo na uniformidade do estande e das plantas, no vigor das sementes e no estabelecimento da cultura. Todos esses danos, por sua vez, afetam diretamente o&#8230; <a class=\"view-article\" href=\"https:\/\/www.neogensementes.com.br\/blog\/2023\/11\/14\/pragas-iniciais-da-soja\/\">Ver artigo<\/a>","protected":false},"author":7,"featured_media":557,"comment_status":"open","ping_status":"open","sticky":false,"template":"","format":"standard","meta":{"footnotes":""},"categories":[3,159,86],"tags":[30,165,166,167,175,169,164,161,176,179,180,101,163,177,178,27,168,155,181,8,23,9,24,174,173],"class_list":["post-556","post","type-post","status-publish","format-standard","has-post-thumbnail","hentry","category-manejo","category-praga","category-soja","tag-agricultura","tag-controle-de-insetos","tag-controle-de-pragas","tag-defensivos","tag-fungicida","tag-inseticida","tag-insetos","tag-manejo-de-pragas","tag-nematicida","tag-pos-emergencia","tag-pos-emergencia-da-soja","tag-pragas","tag-pragas-da-soja","tag-pragas-iniciais","tag-pragas-iniciais-da-soja","tag-producao-de-soja","tag-quimicos","tag-semeadura","tag-semeadura-da-soja","tag-semente","tag-sementes-de-soja","tag-soja","tag-sojicultura","tag-tratamento-de-sementes","tag-tsi"],"yoast_head":"<!-- This site is optimized with the Yoast SEO plugin v25.5 - https:\/\/yoast.com\/wordpress\/plugins\/seo\/ -->\n<title>Conhe\u00e7a as principais pragas iniciais da soja - Blog Neogen sementes<\/title>\n<meta name=\"description\" content=\"As pragas que atacam a soja nos est\u00e1gios iniciais afetam a uniformidade do estande e das plantas, o vigor das sementes e o estabelecimento da cultura.\" \/>\n<meta name=\"robots\" content=\"index, follow, max-snippet:-1, max-image-preview:large, max-video-preview:-1\" \/>\n<link rel=\"canonical\" href=\"https:\/\/www.neogensementes.com.br\/blog\/2023\/11\/14\/pragas-iniciais-da-soja\/\" \/>\n<meta property=\"og:locale\" content=\"pt_BR\" \/>\n<meta property=\"og:type\" content=\"article\" \/>\n<meta property=\"og:title\" content=\"Conhe\u00e7a as principais pragas iniciais da soja - Blog Neogen sementes\" \/>\n<meta property=\"og:description\" content=\"As pragas que atacam a soja nos est\u00e1gios iniciais afetam a uniformidade do estande e das plantas, o vigor das sementes e o estabelecimento da cultura.\" \/>\n<meta property=\"og:url\" content=\"https:\/\/www.neogensementes.com.br\/blog\/2023\/11\/14\/pragas-iniciais-da-soja\/\" \/>\n<meta property=\"og:site_name\" content=\"Blog Neogen sementes\" \/>\n<meta property=\"article:published_time\" content=\"2023-11-14T13:04:23+00:00\" \/>\n<meta property=\"og:image\" content=\"http:\/\/www.neogensementes.com.br\/blog\/wp-content\/uploads\/sites\/2\/2023\/11\/NEOGEN_CAPA-BLOG_NOV.jpg\" \/>\n\t<meta property=\"og:image:width\" content=\"800\" \/>\n\t<meta property=\"og:image:height\" content=\"450\" \/>\n\t<meta property=\"og:image:type\" content=\"image\/jpeg\" \/>\n<meta name=\"author\" content=\"alekigiela\" \/>\n<meta name=\"twitter:card\" content=\"summary_large_image\" \/>\n<meta name=\"twitter:label1\" content=\"Escrito por\" \/>\n\t<meta name=\"twitter:data1\" content=\"alekigiela\" \/>\n\t<meta name=\"twitter:label2\" content=\"Est. tempo de leitura\" \/>\n\t<meta name=\"twitter:data2\" content=\"4 minutos\" \/>\n<script type=\"application\/ld+json\" class=\"yoast-schema-graph\">{\"@context\":\"https:\/\/schema.org\",\"@graph\":[{\"@type\":\"WebPage\",\"@id\":\"https:\/\/www.neogensementes.com.br\/blog\/2023\/11\/14\/pragas-iniciais-da-soja\/\",\"url\":\"https:\/\/www.neogensementes.com.br\/blog\/2023\/11\/14\/pragas-iniciais-da-soja\/\",\"name\":\"Conhe\u00e7a as principais pragas iniciais da soja - Blog Neogen sementes\",\"isPartOf\":{\"@id\":\"https:\/\/www.neogensementes.com.br\/blog\/#website\"},\"primaryImageOfPage\":{\"@id\":\"https:\/\/www.neogensementes.com.br\/blog\/2023\/11\/14\/pragas-iniciais-da-soja\/#primaryimage\"},\"image\":{\"@id\":\"https:\/\/www.neogensementes.com.br\/blog\/2023\/11\/14\/pragas-iniciais-da-soja\/#primaryimage\"},\"thumbnailUrl\":\"https:\/\/www.neogensementes.com.br\/blog\/wp-content\/uploads\/sites\/2\/2023\/11\/NEOGEN_CAPA-BLOG_NOV.jpg\",\"datePublished\":\"2023-11-14T13:04:23+00:00\",\"author\":{\"@id\":\"https:\/\/www.neogensementes.com.br\/blog\/#\/schema\/person\/7cdf72f640c442f07f30f69b78098b8d\"},\"description\":\"As pragas que atacam a soja nos est\u00e1gios iniciais afetam a uniformidade do estande e das plantas, o vigor das sementes e o estabelecimento da cultura.\",\"breadcrumb\":{\"@id\":\"https:\/\/www.neogensementes.com.br\/blog\/2023\/11\/14\/pragas-iniciais-da-soja\/#breadcrumb\"},\"inLanguage\":\"pt-BR\",\"potentialAction\":[{\"@type\":\"ReadAction\",\"target\":[\"https:\/\/www.neogensementes.com.br\/blog\/2023\/11\/14\/pragas-iniciais-da-soja\/\"]}]},{\"@type\":\"ImageObject\",\"inLanguage\":\"pt-BR\",\"@id\":\"https:\/\/www.neogensementes.com.br\/blog\/2023\/11\/14\/pragas-iniciais-da-soja\/#primaryimage\",\"url\":\"https:\/\/www.neogensementes.com.br\/blog\/wp-content\/uploads\/sites\/2\/2023\/11\/NEOGEN_CAPA-BLOG_NOV.jpg\",\"contentUrl\":\"https:\/\/www.neogensementes.com.br\/blog\/wp-content\/uploads\/sites\/2\/2023\/11\/NEOGEN_CAPA-BLOG_NOV.jpg\",\"width\":800,\"height\":450,\"caption\":\"Pragas iniciais da soja\"},{\"@type\":\"BreadcrumbList\",\"@id\":\"https:\/\/www.neogensementes.com.br\/blog\/2023\/11\/14\/pragas-iniciais-da-soja\/#breadcrumb\",\"itemListElement\":[{\"@type\":\"ListItem\",\"position\":1,\"name\":\"In\u00edcio\",\"item\":\"https:\/\/www.neogensementes.com.br\/blog\/\"},{\"@type\":\"ListItem\",\"position\":2,\"name\":\"Conhe\u00e7a as principais pragas iniciais da soja\"}]},{\"@type\":\"WebSite\",\"@id\":\"https:\/\/www.neogensementes.com.br\/blog\/#website\",\"url\":\"https:\/\/www.neogensementes.com.br\/blog\/\",\"name\":\"Blog Neogen sementes\",\"description\":\"S\u00f3 mais um site Neogen Sites\",\"potentialAction\":[{\"@type\":\"SearchAction\",\"target\":{\"@type\":\"EntryPoint\",\"urlTemplate\":\"https:\/\/www.neogensementes.com.br\/blog\/?s={search_term_string}\"},\"query-input\":{\"@type\":\"PropertyValueSpecification\",\"valueRequired\":true,\"valueName\":\"search_term_string\"}}],\"inLanguage\":\"pt-BR\"},{\"@type\":\"Person\",\"@id\":\"https:\/\/www.neogensementes.com.br\/blog\/#\/schema\/person\/7cdf72f640c442f07f30f69b78098b8d\",\"name\":\"alekigiela\",\"image\":{\"@type\":\"ImageObject\",\"inLanguage\":\"pt-BR\",\"@id\":\"https:\/\/www.neogensementes.com.br\/blog\/#\/schema\/person\/image\/\",\"url\":\"https:\/\/secure.gravatar.com\/avatar\/79e82603c451d9f4a3dd14dac2f76c314357ec993e849354b965a32cb528bef1?s=96&d=mm&r=g\",\"contentUrl\":\"https:\/\/secure.gravatar.com\/avatar\/79e82603c451d9f4a3dd14dac2f76c314357ec993e849354b965a32cb528bef1?s=96&d=mm&r=g\",\"caption\":\"alekigiela\"},\"url\":\"https:\/\/www.neogensementes.com.br\/blog\/author\/alekigiela\/\"}]}<\/script>\n<!-- \/ Yoast SEO plugin. -->","yoast_head_json":{"title":"Conhe\u00e7a as principais pragas iniciais da soja - Blog Neogen sementes","description":"As pragas que atacam a soja nos est\u00e1gios iniciais afetam a uniformidade do estande e das plantas, o vigor das sementes e o estabelecimento da cultura.","robots":{"index":"index","follow":"follow","max-snippet":"max-snippet:-1","max-image-preview":"max-image-preview:large","max-video-preview":"max-video-preview:-1"},"canonical":"https:\/\/www.neogensementes.com.br\/blog\/2023\/11\/14\/pragas-iniciais-da-soja\/","og_locale":"pt_BR","og_type":"article","og_title":"Conhe\u00e7a as principais pragas iniciais da soja - Blog Neogen sementes","og_description":"As pragas que atacam a soja nos est\u00e1gios iniciais afetam a uniformidade do estande e das plantas, o vigor das sementes e o estabelecimento da cultura.","og_url":"https:\/\/www.neogensementes.com.br\/blog\/2023\/11\/14\/pragas-iniciais-da-soja\/","og_site_name":"Blog Neogen sementes","article_published_time":"2023-11-14T13:04:23+00:00","og_image":[{"width":800,"height":450,"url":"http:\/\/www.neogensementes.com.br\/blog\/wp-content\/uploads\/sites\/2\/2023\/11\/NEOGEN_CAPA-BLOG_NOV.jpg","type":"image\/jpeg"}],"author":"alekigiela","twitter_card":"summary_large_image","twitter_misc":{"Escrito por":"alekigiela","Est. tempo de leitura":"4 minutos"},"schema":{"@context":"https:\/\/schema.org","@graph":[{"@type":"WebPage","@id":"https:\/\/www.neogensementes.com.br\/blog\/2023\/11\/14\/pragas-iniciais-da-soja\/","url":"https:\/\/www.neogensementes.com.br\/blog\/2023\/11\/14\/pragas-iniciais-da-soja\/","name":"Conhe\u00e7a as principais pragas iniciais da soja - Blog Neogen sementes","isPartOf":{"@id":"https:\/\/www.neogensementes.com.br\/blog\/#website"},"primaryImageOfPage":{"@id":"https:\/\/www.neogensementes.com.br\/blog\/2023\/11\/14\/pragas-iniciais-da-soja\/#primaryimage"},"image":{"@id":"https:\/\/www.neogensementes.com.br\/blog\/2023\/11\/14\/pragas-iniciais-da-soja\/#primaryimage"},"thumbnailUrl":"https:\/\/www.neogensementes.com.br\/blog\/wp-content\/uploads\/sites\/2\/2023\/11\/NEOGEN_CAPA-BLOG_NOV.jpg","datePublished":"2023-11-14T13:04:23+00:00","author":{"@id":"https:\/\/www.neogensementes.com.br\/blog\/#\/schema\/person\/7cdf72f640c442f07f30f69b78098b8d"},"description":"As pragas que atacam a soja nos est\u00e1gios iniciais afetam a uniformidade do estande e das plantas, o vigor das sementes e o estabelecimento da cultura.","breadcrumb":{"@id":"https:\/\/www.neogensementes.com.br\/blog\/2023\/11\/14\/pragas-iniciais-da-soja\/#breadcrumb"},"inLanguage":"pt-BR","potentialAction":[{"@type":"ReadAction","target":["https:\/\/www.neogensementes.com.br\/blog\/2023\/11\/14\/pragas-iniciais-da-soja\/"]}]},{"@type":"ImageObject","inLanguage":"pt-BR","@id":"https:\/\/www.neogensementes.com.br\/blog\/2023\/11\/14\/pragas-iniciais-da-soja\/#primaryimage","url":"https:\/\/www.neogensementes.com.br\/blog\/wp-content\/uploads\/sites\/2\/2023\/11\/NEOGEN_CAPA-BLOG_NOV.jpg","contentUrl":"https:\/\/www.neogensementes.com.br\/blog\/wp-content\/uploads\/sites\/2\/2023\/11\/NEOGEN_CAPA-BLOG_NOV.jpg","width":800,"height":450,"caption":"Pragas iniciais da soja"},{"@type":"BreadcrumbList","@id":"https:\/\/www.neogensementes.com.br\/blog\/2023\/11\/14\/pragas-iniciais-da-soja\/#breadcrumb","itemListElement":[{"@type":"ListItem","position":1,"name":"In\u00edcio","item":"https:\/\/www.neogensementes.com.br\/blog\/"},{"@type":"ListItem","position":2,"name":"Conhe\u00e7a as principais pragas iniciais da soja"}]},{"@type":"WebSite","@id":"https:\/\/www.neogensementes.com.br\/blog\/#website","url":"https:\/\/www.neogensementes.com.br\/blog\/","name":"Blog Neogen sementes","description":"S\u00f3 mais um site Neogen Sites","potentialAction":[{"@type":"SearchAction","target":{"@type":"EntryPoint","urlTemplate":"https:\/\/www.neogensementes.com.br\/blog\/?s={search_term_string}"},"query-input":{"@type":"PropertyValueSpecification","valueRequired":true,"valueName":"search_term_string"}}],"inLanguage":"pt-BR"},{"@type":"Person","@id":"https:\/\/www.neogensementes.com.br\/blog\/#\/schema\/person\/7cdf72f640c442f07f30f69b78098b8d","name":"alekigiela","image":{"@type":"ImageObject","inLanguage":"pt-BR","@id":"https:\/\/www.neogensementes.com.br\/blog\/#\/schema\/person\/image\/","url":"https:\/\/secure.gravatar.com\/avatar\/79e82603c451d9f4a3dd14dac2f76c314357ec993e849354b965a32cb528bef1?s=96&d=mm&r=g","contentUrl":"https:\/\/secure.gravatar.com\/avatar\/79e82603c451d9f4a3dd14dac2f76c314357ec993e849354b965a32cb528bef1?s=96&d=mm&r=g","caption":"alekigiela"},"url":"https:\/\/www.neogensementes.com.br\/blog\/author\/alekigiela\/"}]}},"_links":{"self":[{"href":"https:\/\/www.neogensementes.com.br\/blog\/wp-json\/wp\/v2\/posts\/556","targetHints":{"allow":["GET"]}}],"collection":[{"href":"https:\/\/www.neogensementes.com.br\/blog\/wp-json\/wp\/v2\/posts"}],"about":[{"href":"https:\/\/www.neogensementes.com.br\/blog\/wp-json\/wp\/v2\/types\/post"}],"author":[{"embeddable":true,"href":"https:\/\/www.neogensementes.com.br\/blog\/wp-json\/wp\/v2\/users\/7"}],"replies":[{"embeddable":true,"href":"https:\/\/www.neogensementes.com.br\/blog\/wp-json\/wp\/v2\/comments?post=556"}],"version-history":[{"count":0,"href":"https:\/\/www.neogensementes.com.br\/blog\/wp-json\/wp\/v2\/posts\/556\/revisions"}],"wp:featuredmedia":[{"embeddable":true,"href":"https:\/\/www.neogensementes.com.br\/blog\/wp-json\/wp\/v2\/media\/557"}],"wp:attachment":[{"href":"https:\/\/www.neogensementes.com.br\/blog\/wp-json\/wp\/v2\/media?parent=556"}],"wp:term":[{"taxonomy":"category","embeddable":true,"href":"https:\/\/www.neogensementes.com.br\/blog\/wp-json\/wp\/v2\/categories?post=556"},{"taxonomy":"post_tag","embeddable":true,"href":"https:\/\/www.neogensementes.com.br\/blog\/wp-json\/wp\/v2\/tags?post=556"}],"curies":[{"name":"wp","href":"https:\/\/api.w.org\/{rel}","templated":true}]}}