{"id":6632,"date":"2025-03-13T08:24:22","date_gmt":"2025-03-13T11:24:22","guid":{"rendered":"https:\/\/www.neogensementes.com.br\/blog\/?p=6632"},"modified":"2025-03-13T08:24:22","modified_gmt":"2025-03-13T11:24:22","slug":"dessecacao-pre-colheita","status":"publish","type":"post","link":"https:\/\/www.neogensementes.com.br\/blog\/2025\/03\/13\/dessecacao-pre-colheita\/","title":{"rendered":"Tire as suas d\u00favidas sobre a desseca\u00e7\u00e3o pr\u00e9-colheita da soja"},"content":{"rendered":"<p><span style=\"font-weight: 400;\">Neste artigo, vamos conversar sobre uma das principais <\/span><b>pr\u00e1ticas que otimizam a <\/b><a href=\"https:\/\/www.neogensementes.com.br\/blog\/2025\/01\/27\/colheita-da-soja\/\"><b>colheita da soja<\/b><\/a><span style=\"font-weight: 400;\">: a desseca\u00e7\u00e3o. A seguir, voc\u00ea ir\u00e1 conferir as <\/span><b>respostas para as principais d\u00favidas<\/b><span style=\"font-weight: 400;\"> sobre esse processo, seus benef\u00edcios e orienta\u00e7\u00f5es.<\/span><\/p>\n<h2>A. O que \u00e9 a desseca\u00e7\u00e3o pr\u00e9-colheita?<\/h2>\n<p><a href=\"https:\/\/www.embrapa.br\/busca-de-noticias\/-\/noticia\/31835117\/dessecacao-e-uma-importante-estrategia-no-manejo-da-soja?utm_source=chatgpt.com\"><span style=\"font-weight: 400;\">De acordo com a Embrapa<\/span><\/a><span style=\"font-weight: 400;\">, a desseca\u00e7\u00e3o \u00e9 uma pr\u00e1tica agr\u00edcola que visa <\/span><b>uniformizar a matura\u00e7\u00e3o da lavoura de soja<\/b><span style=\"font-weight: 400;\"> antes da etapa da colheita.\u00a0<\/span><\/p>\n<p><span style=\"font-weight: 400;\">A pr\u00e1tica consiste em<\/span><b> acelerar a secagem das plantas<\/b><span style=\"font-weight: 400;\"> atrav\u00e9s do uso de herbicidas dessecantes, o que consequentemente promove a uniformidade no <\/span><b>\u00edndice de umidade dos gr\u00e3os<\/b><span style=\"font-weight: 400;\"> de soja.<\/span><\/p>\n<h2>B. Quais os benef\u00edcios da desseca\u00e7\u00e3o pr\u00e9-colheita?<\/h2>\n<p><span style=\"font-weight: 400;\">A desseca\u00e7\u00e3o permite antecipar a colheita, <\/span><b>contribuindo para o planejamento da safra<\/b><span style=\"font-weight: 400;\">, j\u00e1 que \u00e9 poss\u00edvel definir, com mais assertividade,<\/span><b> as condi\u00e7\u00f5es ideais &#8211; clim\u00e1ticas, ambientais, econ\u00f4micas<\/b><span style=\"font-weight: 400;\"> &#8211; para essa etapa. <\/span><i><span style=\"font-weight: 400;\">Por exemplo: <\/span><\/i><span style=\"font-weight: 400;\">caso a regi\u00e3o produtora v\u00e1 enfrentar uma forte onda de chuvas, prevista meteorologicamente, \u00e9 poss\u00edvel adiantar a colheita e programar-se para efetu\u00e1-la no clima ideal.<\/span><\/p>\n<p><span style=\"font-weight: 400;\">Al\u00e9m disso, a desseca\u00e7\u00e3o pr\u00e9-colheita faz com que <\/span><b>a opera\u00e7\u00e3o se torne mais eficiente<\/b><span style=\"font-weight: 400;\">, facilitando a passagem do maquin\u00e1rio em campo e <\/span><b>evitando perdas e danos<\/b><span style=\"font-weight: 400;\"> aos gr\u00e3os.<\/span><\/p>\n<p><span style=\"font-weight: 400;\">Vale ainda pontuar que, com a redu\u00e7\u00e3o e uniformiza\u00e7\u00e3o na umidade dos gr\u00e3os colhidos, \u00e9 poss\u00edvel ainda <\/span><b>reduzir custos\/esfor\u00e7os com a secagem p\u00f3s-colheita<\/b><span style=\"font-weight: 400;\"> &#8211; estrat\u00e9gia recorrente para o armazenamento. <\/span><a href=\"https:\/\/www.embrapa.br\/agencia-de-informacao-tecnologica\/cultivos\/soja\/producao\/colheita#:~:text=Sementes%20colhidas%20com%20teor%20de,%2C%20ou%20seja%2C%20%C3%A0%20quebra.\"><span style=\"font-weight: 400;\">Segundo a Embrapa<\/span><\/a><span style=\"font-weight: 400;\">, os gr\u00e3os de soja devem ser armazenados sob o <\/span><b>teor de umidade abaixo de 13%<\/b><span style=\"font-weight: 400;\">.<\/span><\/p>\n<h2>C. Quando a desseca\u00e7\u00e3o pr\u00e9-colheita \u00e9 indicada?<\/h2>\n<p><span style=\"font-weight: 400;\">Recomenda-se a desseca\u00e7\u00e3o para <\/span><b>o agricultor que precisa antecipar a colheita e\/ou uniformizar os gr\u00e3os <\/b><span style=\"font-weight: 400;\">em matura\u00e7\u00e3o e umidade.<\/span><\/p>\n<p><span style=\"font-weight: 400;\">A Embrapa orienta que a desseca\u00e7\u00e3o seja realizada no<\/span><b> est\u00e1gio R7 de desenvolvimento da cultura<\/b><span style=\"font-weight: 400;\">, quando os gr\u00e3os j\u00e1 atingiram <\/span><b>o m\u00e1ximo ac\u00famulo de mat\u00e9ria seca<\/b><span style=\"font-weight: 400;\">, o que torna o processo mais seguro \u00e0 lavoura.<\/span><\/p>\n<h2>D. Como fazer a desseca\u00e7\u00e3o pr\u00e9-colheita?<\/h2>\n<p><span style=\"font-weight: 400;\">A desseca\u00e7\u00e3o \u00e9 feita com a <\/span><b>aplica\u00e7\u00e3o de herbicidas dessecantes por pulverizadores<\/b><span style=\"font-weight: 400;\"> terrestres ou a\u00e9reos, visando a m\u00e1xima uniformidade da cobertura.<\/span><\/p>\n<p><span style=\"font-weight: 400;\">Assim como a aplica\u00e7\u00e3o de qualquer defensivo em campo, \u00e9 preciso<\/span><b> evitar o processo em dias chuvosos e\/ou de ventos fortes<\/b><span style=\"font-weight: 400;\">, j\u00e1 que essas condi\u00e7\u00f5es podem atrapalhar a absor\u00e7\u00e3o do herbicida e ocasionar a sua deriva.\u00a0<\/span><\/p>\n<p><span style=\"font-weight: 400;\">No Brasil, \u00e9 obrigat\u00f3rio o<\/span><b> respeito ao intervalo m\u00ednimo de tempo entre a desseca\u00e7\u00e3o e a colheita<\/b><span style=\"font-weight: 400;\">, que varia entre cada produto e a dosagem ministrada. Essa medida visa <\/span><b>evitar poss\u00edveis res\u00edduos <\/b><span style=\"font-weight: 400;\">do herbicida nos gr\u00e3os de soja.\u00a0<\/span><\/p>\n<h2><b>Em resumo<\/b><\/h2>\n<p><span style=\"font-weight: 400;\">A desseca\u00e7\u00e3o permite que a soja seja<\/span><b> colhida no tempo ideal<\/b><span style=\"font-weight: 400;\"> para o planejamento do agricultor e em rela\u00e7\u00e3o \u00e0s condi\u00e7\u00f5es do ambiente produtivo.<\/span> <span style=\"font-weight: 400;\">O processo \u00e9 feito comumente no<\/span><b> est\u00e1gio R7<\/b><span style=\"font-weight: 400;\">, com o uso de herbicidas, e deve levar em conta <\/span><b>o intervalo obrigat\u00f3rio <\/b><span style=\"font-weight: 400;\">entre a aplica\u00e7\u00e3o do defensivo e a colheita.<\/span><\/p>\n<p>&nbsp;<\/p>\n<p><b><i>Voc\u00ea tem alguma outra d\u00favida sobre este tema? <\/i><\/b><i><span style=\"font-weight: 400;\">Navegue pelo <\/span><\/i><a href=\"https:\/\/www.neogensementes.com.br\/blog\/\"><b><i>Blog Neogen<\/i><\/b><\/a> <i><span style=\"font-weight: 400;\">e confira mais informa\u00e7\u00f5es e dicas \u00fateis para a colheita da soja!<\/span><\/i> <i><span style=\"font-weight: 400;\">Veja tamb\u00e9m os nossos conte\u00fados exclusivos no <\/span><\/i><a href=\"https:\/\/www.instagram.com\/neogensementes\"><b><i>Instagram<\/i><\/b><\/a><i><span style=\"font-weight: 400;\">, <\/span><\/i><a href=\"https:\/\/www.facebook.com\/neogensementes\"><b><i>Facebook<\/i><\/b><\/a><i><span style=\"font-weight: 400;\"> e <\/span><\/i><a href=\"https:\/\/www.youtube.com\/NeogenSementes\"><b><i>YouTube<\/i><\/b><\/a><i><span style=\"font-weight: 400;\">.<\/span><\/i><\/p>\n<p><a href=\"https:\/\/neogensementes.rds.land\/2025\"><b><i>Clique aqui<\/i><\/b><\/a><b><i> e confira o portf\u00f3lio de sementes da Neogen para a sua regi\u00e3o!<\/i><\/b><\/p>\n<p>&nbsp;<\/p>\n","protected":false},"excerpt":{"rendered":"Neste artigo, vamos conversar sobre uma das principais pr\u00e1ticas que otimizam a colheita da soja: a desseca\u00e7\u00e3o. A seguir, voc\u00ea ir\u00e1 conferir as respostas para as principais d\u00favidas sobre esse processo, seus benef\u00edcios e orienta\u00e7\u00f5es. A. O que \u00e9 a desseca\u00e7\u00e3o pr\u00e9-colheita? De acordo com a Embrapa, a desseca\u00e7\u00e3o \u00e9 uma pr\u00e1tica agr\u00edcola que visa&#8230; <a class=\"view-article\" href=\"https:\/\/www.neogensementes.com.br\/blog\/2025\/03\/13\/dessecacao-pre-colheita\/\">Ver artigo<\/a>","protected":false},"author":7,"featured_media":6633,"comment_status":"open","ping_status":"open","sticky":false,"template":"","format":"standard","meta":{"footnotes":""},"categories":[34,3],"tags":[30,31,49,103,240,57,104,195,246,231,232,191,62,23,9,24,185],"class_list":["post-6632","post","type-post","status-publish","format-standard","has-post-thumbnail","hentry","category-agricultura-de-precisao","category-manejo","tag-agricultura","tag-agro","tag-agronegocio","tag-colheita","tag-colheita-de-soja","tag-cultivares","tag-dessecacao","tag-dessecacao-pre-colheita","tag-herbicida","tag-lavoura","tag-lavoura-de-soja","tag-pre-colheita","tag-sementes","tag-sementes-de-soja","tag-soja","tag-sojicultura","tag-variedades-de-soja"],"yoast_head":"<!-- This site is optimized with the Yoast SEO plugin v25.5 - https:\/\/yoast.com\/wordpress\/plugins\/seo\/ -->\n<title>Tire as suas d\u00favidas sobre a desseca\u00e7\u00e3o pr\u00e9-colheita da soja - Blog Neogen sementes<\/title>\n<meta name=\"description\" content=\"A desseca\u00e7\u00e3o pr\u00e9-colheita visa uniformizar a matura\u00e7\u00e3o da soja antes dessa etapa. Confira tudo o que voc\u00ea precisa saber sobre o assunto!\" \/>\n<meta name=\"robots\" content=\"index, follow, max-snippet:-1, max-image-preview:large, max-video-preview:-1\" \/>\n<link rel=\"canonical\" href=\"https:\/\/www.neogensementes.com.br\/blog\/2025\/03\/13\/dessecacao-pre-colheita\/\" \/>\n<meta property=\"og:locale\" content=\"pt_BR\" \/>\n<meta property=\"og:type\" content=\"article\" \/>\n<meta property=\"og:title\" content=\"Tire as suas d\u00favidas sobre a desseca\u00e7\u00e3o pr\u00e9-colheita da soja - Blog Neogen sementes\" \/>\n<meta property=\"og:description\" content=\"A desseca\u00e7\u00e3o pr\u00e9-colheita visa uniformizar a matura\u00e7\u00e3o da soja antes dessa etapa. Confira tudo o que voc\u00ea precisa saber sobre o assunto!\" \/>\n<meta property=\"og:url\" content=\"https:\/\/www.neogensementes.com.br\/blog\/2025\/03\/13\/dessecacao-pre-colheita\/\" \/>\n<meta property=\"og:site_name\" content=\"Blog Neogen sementes\" \/>\n<meta property=\"article:published_time\" content=\"2025-03-13T11:24:22+00:00\" \/>\n<meta property=\"og:image\" content=\"http:\/\/www.neogensementes.com.br\/blog\/wp-content\/uploads\/sites\/2\/2025\/03\/CAPA_BLOG_NEOGEN_MARCO.jpg\" \/>\n\t<meta property=\"og:image:width\" content=\"800\" \/>\n\t<meta property=\"og:image:height\" content=\"450\" \/>\n\t<meta property=\"og:image:type\" content=\"image\/jpeg\" \/>\n<meta name=\"author\" content=\"alekigiela\" \/>\n<meta name=\"twitter:card\" content=\"summary_large_image\" \/>\n<meta name=\"twitter:label1\" content=\"Escrito por\" \/>\n\t<meta name=\"twitter:data1\" content=\"alekigiela\" \/>\n\t<meta name=\"twitter:label2\" content=\"Est. tempo de leitura\" \/>\n\t<meta name=\"twitter:data2\" content=\"3 minutos\" \/>\n<script type=\"application\/ld+json\" class=\"yoast-schema-graph\">{\"@context\":\"https:\/\/schema.org\",\"@graph\":[{\"@type\":\"WebPage\",\"@id\":\"https:\/\/www.neogensementes.com.br\/blog\/2025\/03\/13\/dessecacao-pre-colheita\/\",\"url\":\"https:\/\/www.neogensementes.com.br\/blog\/2025\/03\/13\/dessecacao-pre-colheita\/\",\"name\":\"Tire as suas d\u00favidas sobre a desseca\u00e7\u00e3o pr\u00e9-colheita da soja - Blog Neogen sementes\",\"isPartOf\":{\"@id\":\"https:\/\/www.neogensementes.com.br\/blog\/#website\"},\"primaryImageOfPage\":{\"@id\":\"https:\/\/www.neogensementes.com.br\/blog\/2025\/03\/13\/dessecacao-pre-colheita\/#primaryimage\"},\"image\":{\"@id\":\"https:\/\/www.neogensementes.com.br\/blog\/2025\/03\/13\/dessecacao-pre-colheita\/#primaryimage\"},\"thumbnailUrl\":\"https:\/\/www.neogensementes.com.br\/blog\/wp-content\/uploads\/sites\/2\/2025\/03\/CAPA_BLOG_NEOGEN_MARCO.jpg\",\"datePublished\":\"2025-03-13T11:24:22+00:00\",\"author\":{\"@id\":\"https:\/\/www.neogensementes.com.br\/blog\/#\/schema\/person\/7cdf72f640c442f07f30f69b78098b8d\"},\"description\":\"A desseca\u00e7\u00e3o pr\u00e9-colheita visa uniformizar a matura\u00e7\u00e3o da soja antes dessa etapa. Confira tudo o que voc\u00ea precisa saber sobre o assunto!\",\"breadcrumb\":{\"@id\":\"https:\/\/www.neogensementes.com.br\/blog\/2025\/03\/13\/dessecacao-pre-colheita\/#breadcrumb\"},\"inLanguage\":\"pt-BR\",\"potentialAction\":[{\"@type\":\"ReadAction\",\"target\":[\"https:\/\/www.neogensementes.com.br\/blog\/2025\/03\/13\/dessecacao-pre-colheita\/\"]}]},{\"@type\":\"ImageObject\",\"inLanguage\":\"pt-BR\",\"@id\":\"https:\/\/www.neogensementes.com.br\/blog\/2025\/03\/13\/dessecacao-pre-colheita\/#primaryimage\",\"url\":\"https:\/\/www.neogensementes.com.br\/blog\/wp-content\/uploads\/sites\/2\/2025\/03\/CAPA_BLOG_NEOGEN_MARCO.jpg\",\"contentUrl\":\"https:\/\/www.neogensementes.com.br\/blog\/wp-content\/uploads\/sites\/2\/2025\/03\/CAPA_BLOG_NEOGEN_MARCO.jpg\",\"width\":800,\"height\":450,\"caption\":\"Desseca\u00e7\u00e3o pr\u00e9-colheita\"},{\"@type\":\"BreadcrumbList\",\"@id\":\"https:\/\/www.neogensementes.com.br\/blog\/2025\/03\/13\/dessecacao-pre-colheita\/#breadcrumb\",\"itemListElement\":[{\"@type\":\"ListItem\",\"position\":1,\"name\":\"In\u00edcio\",\"item\":\"https:\/\/www.neogensementes.com.br\/blog\/\"},{\"@type\":\"ListItem\",\"position\":2,\"name\":\"Tire as suas d\u00favidas sobre a desseca\u00e7\u00e3o pr\u00e9-colheita da soja\"}]},{\"@type\":\"WebSite\",\"@id\":\"https:\/\/www.neogensementes.com.br\/blog\/#website\",\"url\":\"https:\/\/www.neogensementes.com.br\/blog\/\",\"name\":\"Blog Neogen sementes\",\"description\":\"S\u00f3 mais um site Neogen Sites\",\"potentialAction\":[{\"@type\":\"SearchAction\",\"target\":{\"@type\":\"EntryPoint\",\"urlTemplate\":\"https:\/\/www.neogensementes.com.br\/blog\/?s={search_term_string}\"},\"query-input\":{\"@type\":\"PropertyValueSpecification\",\"valueRequired\":true,\"valueName\":\"search_term_string\"}}],\"inLanguage\":\"pt-BR\"},{\"@type\":\"Person\",\"@id\":\"https:\/\/www.neogensementes.com.br\/blog\/#\/schema\/person\/7cdf72f640c442f07f30f69b78098b8d\",\"name\":\"alekigiela\",\"image\":{\"@type\":\"ImageObject\",\"inLanguage\":\"pt-BR\",\"@id\":\"https:\/\/www.neogensementes.com.br\/blog\/#\/schema\/person\/image\/\",\"url\":\"https:\/\/secure.gravatar.com\/avatar\/79e82603c451d9f4a3dd14dac2f76c314357ec993e849354b965a32cb528bef1?s=96&d=mm&r=g\",\"contentUrl\":\"https:\/\/secure.gravatar.com\/avatar\/79e82603c451d9f4a3dd14dac2f76c314357ec993e849354b965a32cb528bef1?s=96&d=mm&r=g\",\"caption\":\"alekigiela\"},\"url\":\"https:\/\/www.neogensementes.com.br\/blog\/author\/alekigiela\/\"}]}<\/script>\n<!-- \/ Yoast SEO plugin. -->","yoast_head_json":{"title":"Tire as suas d\u00favidas sobre a desseca\u00e7\u00e3o pr\u00e9-colheita da soja - Blog Neogen sementes","description":"A desseca\u00e7\u00e3o pr\u00e9-colheita visa uniformizar a matura\u00e7\u00e3o da soja antes dessa etapa. Confira tudo o que voc\u00ea precisa saber sobre o assunto!","robots":{"index":"index","follow":"follow","max-snippet":"max-snippet:-1","max-image-preview":"max-image-preview:large","max-video-preview":"max-video-preview:-1"},"canonical":"https:\/\/www.neogensementes.com.br\/blog\/2025\/03\/13\/dessecacao-pre-colheita\/","og_locale":"pt_BR","og_type":"article","og_title":"Tire as suas d\u00favidas sobre a desseca\u00e7\u00e3o pr\u00e9-colheita da soja - Blog Neogen sementes","og_description":"A desseca\u00e7\u00e3o pr\u00e9-colheita visa uniformizar a matura\u00e7\u00e3o da soja antes dessa etapa. Confira tudo o que voc\u00ea precisa saber sobre o assunto!","og_url":"https:\/\/www.neogensementes.com.br\/blog\/2025\/03\/13\/dessecacao-pre-colheita\/","og_site_name":"Blog Neogen sementes","article_published_time":"2025-03-13T11:24:22+00:00","og_image":[{"width":800,"height":450,"url":"http:\/\/www.neogensementes.com.br\/blog\/wp-content\/uploads\/sites\/2\/2025\/03\/CAPA_BLOG_NEOGEN_MARCO.jpg","type":"image\/jpeg"}],"author":"alekigiela","twitter_card":"summary_large_image","twitter_misc":{"Escrito por":"alekigiela","Est. tempo de leitura":"3 minutos"},"schema":{"@context":"https:\/\/schema.org","@graph":[{"@type":"WebPage","@id":"https:\/\/www.neogensementes.com.br\/blog\/2025\/03\/13\/dessecacao-pre-colheita\/","url":"https:\/\/www.neogensementes.com.br\/blog\/2025\/03\/13\/dessecacao-pre-colheita\/","name":"Tire as suas d\u00favidas sobre a desseca\u00e7\u00e3o pr\u00e9-colheita da soja - Blog Neogen sementes","isPartOf":{"@id":"https:\/\/www.neogensementes.com.br\/blog\/#website"},"primaryImageOfPage":{"@id":"https:\/\/www.neogensementes.com.br\/blog\/2025\/03\/13\/dessecacao-pre-colheita\/#primaryimage"},"image":{"@id":"https:\/\/www.neogensementes.com.br\/blog\/2025\/03\/13\/dessecacao-pre-colheita\/#primaryimage"},"thumbnailUrl":"https:\/\/www.neogensementes.com.br\/blog\/wp-content\/uploads\/sites\/2\/2025\/03\/CAPA_BLOG_NEOGEN_MARCO.jpg","datePublished":"2025-03-13T11:24:22+00:00","author":{"@id":"https:\/\/www.neogensementes.com.br\/blog\/#\/schema\/person\/7cdf72f640c442f07f30f69b78098b8d"},"description":"A desseca\u00e7\u00e3o pr\u00e9-colheita visa uniformizar a matura\u00e7\u00e3o da soja antes dessa etapa. Confira tudo o que voc\u00ea precisa saber sobre o assunto!","breadcrumb":{"@id":"https:\/\/www.neogensementes.com.br\/blog\/2025\/03\/13\/dessecacao-pre-colheita\/#breadcrumb"},"inLanguage":"pt-BR","potentialAction":[{"@type":"ReadAction","target":["https:\/\/www.neogensementes.com.br\/blog\/2025\/03\/13\/dessecacao-pre-colheita\/"]}]},{"@type":"ImageObject","inLanguage":"pt-BR","@id":"https:\/\/www.neogensementes.com.br\/blog\/2025\/03\/13\/dessecacao-pre-colheita\/#primaryimage","url":"https:\/\/www.neogensementes.com.br\/blog\/wp-content\/uploads\/sites\/2\/2025\/03\/CAPA_BLOG_NEOGEN_MARCO.jpg","contentUrl":"https:\/\/www.neogensementes.com.br\/blog\/wp-content\/uploads\/sites\/2\/2025\/03\/CAPA_BLOG_NEOGEN_MARCO.jpg","width":800,"height":450,"caption":"Desseca\u00e7\u00e3o pr\u00e9-colheita"},{"@type":"BreadcrumbList","@id":"https:\/\/www.neogensementes.com.br\/blog\/2025\/03\/13\/dessecacao-pre-colheita\/#breadcrumb","itemListElement":[{"@type":"ListItem","position":1,"name":"In\u00edcio","item":"https:\/\/www.neogensementes.com.br\/blog\/"},{"@type":"ListItem","position":2,"name":"Tire as suas d\u00favidas sobre a desseca\u00e7\u00e3o pr\u00e9-colheita da soja"}]},{"@type":"WebSite","@id":"https:\/\/www.neogensementes.com.br\/blog\/#website","url":"https:\/\/www.neogensementes.com.br\/blog\/","name":"Blog Neogen sementes","description":"S\u00f3 mais um site Neogen Sites","potentialAction":[{"@type":"SearchAction","target":{"@type":"EntryPoint","urlTemplate":"https:\/\/www.neogensementes.com.br\/blog\/?s={search_term_string}"},"query-input":{"@type":"PropertyValueSpecification","valueRequired":true,"valueName":"search_term_string"}}],"inLanguage":"pt-BR"},{"@type":"Person","@id":"https:\/\/www.neogensementes.com.br\/blog\/#\/schema\/person\/7cdf72f640c442f07f30f69b78098b8d","name":"alekigiela","image":{"@type":"ImageObject","inLanguage":"pt-BR","@id":"https:\/\/www.neogensementes.com.br\/blog\/#\/schema\/person\/image\/","url":"https:\/\/secure.gravatar.com\/avatar\/79e82603c451d9f4a3dd14dac2f76c314357ec993e849354b965a32cb528bef1?s=96&d=mm&r=g","contentUrl":"https:\/\/secure.gravatar.com\/avatar\/79e82603c451d9f4a3dd14dac2f76c314357ec993e849354b965a32cb528bef1?s=96&d=mm&r=g","caption":"alekigiela"},"url":"https:\/\/www.neogensementes.com.br\/blog\/author\/alekigiela\/"}]}},"_links":{"self":[{"href":"https:\/\/www.neogensementes.com.br\/blog\/wp-json\/wp\/v2\/posts\/6632","targetHints":{"allow":["GET"]}}],"collection":[{"href":"https:\/\/www.neogensementes.com.br\/blog\/wp-json\/wp\/v2\/posts"}],"about":[{"href":"https:\/\/www.neogensementes.com.br\/blog\/wp-json\/wp\/v2\/types\/post"}],"author":[{"embeddable":true,"href":"https:\/\/www.neogensementes.com.br\/blog\/wp-json\/wp\/v2\/users\/7"}],"replies":[{"embeddable":true,"href":"https:\/\/www.neogensementes.com.br\/blog\/wp-json\/wp\/v2\/comments?post=6632"}],"version-history":[{"count":0,"href":"https:\/\/www.neogensementes.com.br\/blog\/wp-json\/wp\/v2\/posts\/6632\/revisions"}],"wp:featuredmedia":[{"embeddable":true,"href":"https:\/\/www.neogensementes.com.br\/blog\/wp-json\/wp\/v2\/media\/6633"}],"wp:attachment":[{"href":"https:\/\/www.neogensementes.com.br\/blog\/wp-json\/wp\/v2\/media?parent=6632"}],"wp:term":[{"taxonomy":"category","embeddable":true,"href":"https:\/\/www.neogensementes.com.br\/blog\/wp-json\/wp\/v2\/categories?post=6632"},{"taxonomy":"post_tag","embeddable":true,"href":"https:\/\/www.neogensementes.com.br\/blog\/wp-json\/wp\/v2\/tags?post=6632"}],"curies":[{"name":"wp","href":"https:\/\/api.w.org\/{rel}","templated":true}]}}