{"id":879,"date":"2024-09-05T08:36:35","date_gmt":"2024-09-05T11:36:35","guid":{"rendered":"https:\/\/www.neogensementes.com.br\/blog\/?p=879"},"modified":"2024-09-05T10:59:37","modified_gmt":"2024-09-05T13:59:37","slug":"pragas-iniciais-da-soja-2","status":"publish","type":"post","link":"https:\/\/www.neogensementes.com.br\/blog\/2024\/09\/05\/pragas-iniciais-da-soja-2\/","title":{"rendered":"Pragas iniciais da soja: o que s\u00e3o e como mant\u00ea-las longe da lavoura"},"content":{"rendered":"<p><span style=\"font-weight: 400;\">A <\/span><b>soja pode ser atacada por pragas<\/b><span style=\"font-weight: 400;\"> durante todos os seus est\u00e1gios de desenvolvimento. As pragas iniciais da cultura, que <\/span><b>atingem<\/b> <b>as lavouras<\/b> <b>logo depois do plantio<\/b><span style=\"font-weight: 400;\">, podem surgir at\u00e9 <\/span><b>30 dias ap\u00f3s a semeadura <\/b><span style=\"font-weight: 400;\">e causar danos significativos ao longo da safra.\u00a0<\/span><\/p>\n<p><span style=\"font-weight: 400;\">Segundo a <\/span><a href=\"https:\/\/www.embrapa.br\/en\/busca-de-noticias\/-\/noticia\/18058569\/pragas-iniciais-da-soja-controle-deve-comecar-antes-da-semeadura--#:~:text=Pragas%20iniciais%20da%20soja%3A%20controle%20deve%20come%C3%A7ar%20antes%20da%20semeadura,-Compartilhar&amp;text=A%20cultura%20da%20soja%20pode,(percevejo%20e%20mosca%20branca)\"><span style=\"font-weight: 400;\">Embrapa<\/span><\/a><span style=\"font-weight: 400;\">, as chamadas pragas iniciais s\u00e3o<\/span><b> organismos que atacam a soja durante a germina\u00e7\u00e3o<\/b><span style=\"font-weight: 400;\"> das sementes. Entre as mais comuns, destacam-se a<\/span><b> lagarta elasmo (Elasmopalpus lignosellus), cor\u00f3 (Phyllophaga cuyabana), piolho de cobra (Julus hesperus), caramujo (Gastropoda), lesmas (Veronicella spp.), grilos (Anurogryllus muticus), gafanhotos (Schistocerca spp.), tamandu\u00e1 (Sternechus subsignatus) e vaquinha (Cerotoma arcuata).<\/b><\/p>\n<p><span style=\"font-weight: 400;\">Conforme explica o pesquisador <\/span><a href=\"https:\/\/www.embrapa.br\/en\/busca-de-noticias\/-\/noticia\/18058569\/pragas-iniciais-da-soja-controle-deve-comecar-antes-da-semeadura--#:~:text=Pragas%20iniciais%20da%20soja%3A%20controle%20deve%20come%C3%A7ar%20antes%20da%20semeadura,-Compartilhar&amp;text=A%20cultura%20da%20soja%20pode,(percevejo%20e%20mosca%20branca)\"><span style=\"font-weight: 400;\">Cr\u00e9bio Jos\u00e9 \u00c1vila<\/span><\/a><span style=\"font-weight: 400;\">, em publica\u00e7\u00e3o da Embrapa, <\/span><span style=\"font-weight: 400;\">uma lavoura afetada pelas pragas iniciais da soja sofre in\u00fameros preju\u00edzos, uma vez que <\/span><b>podem causar danos severos \u00e0 semente em germina\u00e7\u00e3o e at\u00e9 mesmo \u00e0s pl\u00e2ntulas<\/b><span style=\"font-weight: 400;\">, dependendo do grau de vigor da planta, ocasionando a <\/span><b>redu\u00e7\u00e3o do estande e, consequentemente, da produtividade<\/b><span style=\"font-weight: 400;\">.\u00a0<\/span><\/p>\n<p><span style=\"font-weight: 400;\">\u00c9 importante destacar que o<\/span><b> manejo dessas pragas deve come\u00e7ar antes do plantio<\/b><span style=\"font-weight: 400;\">, pois algumas delas est\u00e3o<\/span><b> associadas \u00e0 cultura precursora da soja. <\/b><span style=\"font-weight: 400;\">Os exemplos incluem<\/span><b> lagartas de <\/b><span style=\"font-weight: 400;\">Spodoptera frugiperda<\/span><b>, lesmas, carac\u00f3is e o tamandu\u00e1-da-soja<\/b><span style=\"font-weight: 400;\">, que atacam a parte a\u00e9rea das plantas.\u00a0<\/span><\/p>\n<h2><b>Plantio Direto e as pragas iniciais da soja<\/b><\/h2>\n<p><span style=\"font-weight: 400;\">Apesar de o <\/span><b>cultivo da soja no sistema de plantio direto (SPD)<\/b><span style=\"font-weight: 400;\"> oferecer in\u00fameras vantagens, ele<\/span><b> pode favorecer o aparecimento das pragas iniciais da soja.<\/b><span style=\"font-weight: 400;\"> Como o solo n\u00e3o \u00e9 revolvido com grade e\/ou arado, pode ocorrer o <\/span><b>surgimento de cor\u00f3s<\/b><span style=\"font-weight: 400;\">, insetos que se<\/span><b> alimentam de ra\u00edzes ou at\u00e9 mesmo dos n\u00f3dulos de fixa\u00e7\u00e3o biol\u00f3gica de nitrog\u00eanio<\/b><span style=\"font-weight: 400;\">, podendo acarretar em perdas na produ\u00e7\u00e3o.\u00a0<\/span><\/p>\n<p><span style=\"font-weight: 400;\">Contudo, segundo um <\/span><a href=\"https:\/\/www.esalq.usp.br\/visaoagricola\/sites\/default\/files\/VA9-Protecao01.pdf\"><span style=\"font-weight: 400;\">artigo da Revista Vis\u00e3o Agr\u00edcola<\/span><\/a><span style=\"font-weight: 400;\"> \u2014 publica\u00e7\u00e3o da Escola Superior de Agricultura \u201cLuiz de Queiroz\u201d (USP\/ESALQ) \u2014, com uma abordagem integrada, \u00e9 poss\u00edvel controlar os insetos de forma natural. Isso porque muitas das pr\u00e1ticas associadas ao SPD <\/span><b>promovem o equil\u00edbrio biol\u00f3gico, diminuindo a incid\u00eancia de pragas e aumentando a toler\u00e2ncia das plantas<\/b><span style=\"font-weight: 400;\"> a elas.<\/span><\/p>\n<p><span style=\"font-weight: 400;\">Para que o manejo seja eficiente, o artigo sugere a associa\u00e7\u00e3o de diferentes pr\u00e1ticas, <\/span><b>priorizando m\u00e9todos naturais e agroecol\u00f3gicos<\/b><span style=\"font-weight: 400;\">, como:\u00a0<\/span><\/p>\n<ul>\n<li><b> Diversifica\u00e7\u00e3o de culturas<\/b><\/li>\n<li><b> Cobertura do solo<\/b><\/li>\n<li><b> Controle biol\u00f3gico<\/b><\/li>\n<li><b> Monitoramento constante<\/b><\/li>\n<\/ul>\n<p><span style=\"font-weight: 400;\">Ao adotar essas abordagens, o ambiente se torna menos propenso ao desenvolvimento de pragas, <\/span><b>facilitando o controle e promovendo sua sustentabilidade<\/b><span style=\"font-weight: 400;\">.\u00a0<\/span><\/p>\n<h2><b>Manejo das pragas iniciais da soja<\/b><\/h2>\n<p><span style=\"font-weight: 400;\">Conforme <\/span><a href=\"https:\/\/www.embrapa.br\/en\/search-news\/-\/noticia\/75951534\/artigo---cuidados-com-as-pragas-iniciais-da-soja?p_auth=IEmMAvJC\"><span style=\"font-weight: 400;\">destaca a Embrapa<\/span><\/a><span style=\"font-weight: 400;\">, <\/span><b>o manejo das pragas iniciais da soja \u00e9 realizado por meio do tratamento de sementes ou de pulveriza\u00e7\u00f5es<\/b><span style=\"font-weight: 400;\">, que devem ser aplicadas no sulco de semeadura ou na parte a\u00e9rea das plantas de soja.\u00a0<\/span><\/p>\n<p><span style=\"font-weight: 400;\">O especialista Cr\u00e9bio Jos\u00e9 \u00c1vila alerta que <\/span><b>os problemas com essas pragas come\u00e7am com a presen\u00e7a de lagartas<\/b><span style=\"font-weight: 400;\"> na cultura de cobertura do solo. Nesse caso, \u00e9 necess\u00e1rio realizar a desseca\u00e7\u00e3o com herbicida, <\/span><b>no m\u00ednimo, 20 dias antes da semeadura<\/b><span style=\"font-weight: 400;\">.\u00a0<\/span><\/p>\n<p><span style=\"font-weight: 400;\">Portanto, o ideal \u00e9 que, <\/span><b>antes da semeadura da soja, seja feita uma vistoria no interior e na superf\u00edcie do solo<\/b><span style=\"font-weight: 400;\"> para detectar a presen\u00e7a de pragas iniciais e mant\u00ea-las longe da sua lavoura.\u00a0<\/span><\/p>\n<p>&nbsp;<\/p>\n<p><b><i>Gostou deste tema?<\/i><\/b> <a href=\"https:\/\/www.neogensementes.com.br\/blog\/\"><b><i>Clique aqui<\/i><\/b> <\/a><i><span style=\"font-weight: 400;\">e confira outros artigos sobre o agroneg\u00f3cio e o universo da soja! Veja tamb\u00e9m os nossos conte\u00fados exclusivos no <\/span><\/i><a href=\"https:\/\/www.instagram.com\/neogensementes\"><b><i>Instagram<\/i><\/b><\/a><i><span style=\"font-weight: 400;\">, <\/span><\/i><a href=\"https:\/\/www.facebook.com\/neogensementes\"><b><i>Facebook<\/i><\/b><\/a><i><span style=\"font-weight: 400;\"> e <\/span><\/i><a href=\"https:\/\/www.youtube.com\/NeogenSementes\"><b><i>YouTube<\/i><\/b><\/a><i><span style=\"font-weight: 400;\">.<\/span><\/i><\/p>\n<p><i><span style=\"font-weight: 400;\">Para encontrar a semente ideal para a sua \u00e1rea, acesse o <\/span><\/i><a href=\"https:\/\/neogensementes.rds.land\/institucional2324\"><b><i>portf\u00f3lio 2024\/2025<\/i><\/b><\/a><b><i> da Neogen<\/i><\/b><i><span style=\"font-weight: 400;\">.<\/span><\/i><\/p>\n","protected":false},"excerpt":{"rendered":"A soja pode ser atacada por pragas durante todos os seus est\u00e1gios de desenvolvimento. As pragas iniciais da cultura, que atingem as lavouras logo depois do plantio, podem surgir at\u00e9 30 dias ap\u00f3s a semeadura e causar danos significativos ao longo da safra.\u00a0 Segundo a Embrapa, as chamadas pragas iniciais s\u00e3o organismos que atacam a&#8230; <a class=\"view-article\" href=\"https:\/\/www.neogensementes.com.br\/blog\/2024\/09\/05\/pragas-iniciais-da-soja-2\/\">Ver artigo<\/a>","protected":false},"author":7,"featured_media":880,"comment_status":"open","ping_status":"open","sticky":false,"template":"","format":"standard","meta":{"footnotes":""},"categories":[3],"tags":[30,214,31,49,229,101,177,178,208,215,230,62,9,24],"class_list":["post-879","post","type-post","status-publish","format-standard","has-post-thumbnail","hentry","category-manejo","tag-agricultura","tag-agricultura-brasileira","tag-agro","tag-agronegocio","tag-coros","tag-pragas","tag-pragas-iniciais","tag-pragas-iniciais-da-soja","tag-producao","tag-producao-de-graos","tag-raizes","tag-sementes","tag-soja","tag-sojicultura"],"yoast_head":"<!-- This site is optimized with the Yoast SEO plugin v25.5 - https:\/\/yoast.com\/wordpress\/plugins\/seo\/ -->\n<title>Pragas iniciais da soja: o que s\u00e3o e como mant\u00ea-las longe da lavoura - Blog Neogen sementes<\/title>\n<meta name=\"description\" content=\"Descubra quais s\u00e3o as principais pragas iniciais da soja, quais riscos elas oferecem \u00e0s lavouras e quais s\u00e3o os cuidados necess\u00e1rios para mant\u00ea-las longe.\" \/>\n<meta name=\"robots\" content=\"index, follow, max-snippet:-1, max-image-preview:large, max-video-preview:-1\" \/>\n<link rel=\"canonical\" href=\"https:\/\/www.neogensementes.com.br\/blog\/2024\/09\/05\/pragas-iniciais-da-soja-2\/\" \/>\n<meta property=\"og:locale\" content=\"pt_BR\" \/>\n<meta property=\"og:type\" content=\"article\" \/>\n<meta property=\"og:title\" content=\"Pragas iniciais da soja: o que s\u00e3o e como mant\u00ea-las longe da lavoura - Blog Neogen sementes\" \/>\n<meta property=\"og:description\" content=\"Descubra quais s\u00e3o as principais pragas iniciais da soja, quais riscos elas oferecem \u00e0s lavouras e quais s\u00e3o os cuidados necess\u00e1rios para mant\u00ea-las longe.\" \/>\n<meta property=\"og:url\" content=\"https:\/\/www.neogensementes.com.br\/blog\/2024\/09\/05\/pragas-iniciais-da-soja-2\/\" \/>\n<meta property=\"og:site_name\" content=\"Blog Neogen sementes\" \/>\n<meta property=\"article:published_time\" content=\"2024-09-05T11:36:35+00:00\" \/>\n<meta property=\"article:modified_time\" content=\"2024-09-05T13:59:37+00:00\" \/>\n<meta property=\"og:image\" content=\"http:\/\/www.neogensementes.com.br\/blog\/wp-content\/uploads\/sites\/2\/2024\/09\/CAPA_BLOG_NEOGEN_SETEMBRO_A02.png\" \/>\n\t<meta property=\"og:image:width\" content=\"800\" \/>\n\t<meta property=\"og:image:height\" content=\"450\" \/>\n\t<meta property=\"og:image:type\" content=\"image\/png\" \/>\n<meta name=\"author\" content=\"alekigiela\" \/>\n<meta name=\"twitter:card\" content=\"summary_large_image\" \/>\n<meta name=\"twitter:label1\" content=\"Escrito por\" \/>\n\t<meta name=\"twitter:data1\" content=\"alekigiela\" \/>\n\t<meta name=\"twitter:label2\" content=\"Est. tempo de leitura\" \/>\n\t<meta name=\"twitter:data2\" content=\"4 minutos\" \/>\n<script type=\"application\/ld+json\" class=\"yoast-schema-graph\">{\"@context\":\"https:\/\/schema.org\",\"@graph\":[{\"@type\":\"WebPage\",\"@id\":\"https:\/\/www.neogensementes.com.br\/blog\/2024\/09\/05\/pragas-iniciais-da-soja-2\/\",\"url\":\"https:\/\/www.neogensementes.com.br\/blog\/2024\/09\/05\/pragas-iniciais-da-soja-2\/\",\"name\":\"Pragas iniciais da soja: o que s\u00e3o e como mant\u00ea-las longe da lavoura - Blog Neogen sementes\",\"isPartOf\":{\"@id\":\"https:\/\/www.neogensementes.com.br\/blog\/#website\"},\"primaryImageOfPage\":{\"@id\":\"https:\/\/www.neogensementes.com.br\/blog\/2024\/09\/05\/pragas-iniciais-da-soja-2\/#primaryimage\"},\"image\":{\"@id\":\"https:\/\/www.neogensementes.com.br\/blog\/2024\/09\/05\/pragas-iniciais-da-soja-2\/#primaryimage\"},\"thumbnailUrl\":\"https:\/\/www.neogensementes.com.br\/blog\/wp-content\/uploads\/sites\/2\/2024\/09\/CAPA_BLOG_NEOGEN_SETEMBRO_A02.png\",\"datePublished\":\"2024-09-05T11:36:35+00:00\",\"dateModified\":\"2024-09-05T13:59:37+00:00\",\"author\":{\"@id\":\"https:\/\/www.neogensementes.com.br\/blog\/#\/schema\/person\/7cdf72f640c442f07f30f69b78098b8d\"},\"description\":\"Descubra quais s\u00e3o as principais pragas iniciais da soja, quais riscos elas oferecem \u00e0s lavouras e quais s\u00e3o os cuidados necess\u00e1rios para mant\u00ea-las longe.\",\"breadcrumb\":{\"@id\":\"https:\/\/www.neogensementes.com.br\/blog\/2024\/09\/05\/pragas-iniciais-da-soja-2\/#breadcrumb\"},\"inLanguage\":\"pt-BR\",\"potentialAction\":[{\"@type\":\"ReadAction\",\"target\":[\"https:\/\/www.neogensementes.com.br\/blog\/2024\/09\/05\/pragas-iniciais-da-soja-2\/\"]}]},{\"@type\":\"ImageObject\",\"inLanguage\":\"pt-BR\",\"@id\":\"https:\/\/www.neogensementes.com.br\/blog\/2024\/09\/05\/pragas-iniciais-da-soja-2\/#primaryimage\",\"url\":\"https:\/\/www.neogensementes.com.br\/blog\/wp-content\/uploads\/sites\/2\/2024\/09\/CAPA_BLOG_NEOGEN_SETEMBRO_A02.png\",\"contentUrl\":\"https:\/\/www.neogensementes.com.br\/blog\/wp-content\/uploads\/sites\/2\/2024\/09\/CAPA_BLOG_NEOGEN_SETEMBRO_A02.png\",\"width\":800,\"height\":450},{\"@type\":\"BreadcrumbList\",\"@id\":\"https:\/\/www.neogensementes.com.br\/blog\/2024\/09\/05\/pragas-iniciais-da-soja-2\/#breadcrumb\",\"itemListElement\":[{\"@type\":\"ListItem\",\"position\":1,\"name\":\"In\u00edcio\",\"item\":\"https:\/\/www.neogensementes.com.br\/blog\/\"},{\"@type\":\"ListItem\",\"position\":2,\"name\":\"Pragas iniciais da soja: o que s\u00e3o e como mant\u00ea-las longe da lavoura\"}]},{\"@type\":\"WebSite\",\"@id\":\"https:\/\/www.neogensementes.com.br\/blog\/#website\",\"url\":\"https:\/\/www.neogensementes.com.br\/blog\/\",\"name\":\"Blog Neogen sementes\",\"description\":\"S\u00f3 mais um site Neogen Sites\",\"potentialAction\":[{\"@type\":\"SearchAction\",\"target\":{\"@type\":\"EntryPoint\",\"urlTemplate\":\"https:\/\/www.neogensementes.com.br\/blog\/?s={search_term_string}\"},\"query-input\":{\"@type\":\"PropertyValueSpecification\",\"valueRequired\":true,\"valueName\":\"search_term_string\"}}],\"inLanguage\":\"pt-BR\"},{\"@type\":\"Person\",\"@id\":\"https:\/\/www.neogensementes.com.br\/blog\/#\/schema\/person\/7cdf72f640c442f07f30f69b78098b8d\",\"name\":\"alekigiela\",\"image\":{\"@type\":\"ImageObject\",\"inLanguage\":\"pt-BR\",\"@id\":\"https:\/\/www.neogensementes.com.br\/blog\/#\/schema\/person\/image\/\",\"url\":\"https:\/\/secure.gravatar.com\/avatar\/79e82603c451d9f4a3dd14dac2f76c314357ec993e849354b965a32cb528bef1?s=96&d=mm&r=g\",\"contentUrl\":\"https:\/\/secure.gravatar.com\/avatar\/79e82603c451d9f4a3dd14dac2f76c314357ec993e849354b965a32cb528bef1?s=96&d=mm&r=g\",\"caption\":\"alekigiela\"},\"url\":\"https:\/\/www.neogensementes.com.br\/blog\/author\/alekigiela\/\"}]}<\/script>\n<!-- \/ Yoast SEO plugin. -->","yoast_head_json":{"title":"Pragas iniciais da soja: o que s\u00e3o e como mant\u00ea-las longe da lavoura - Blog Neogen sementes","description":"Descubra quais s\u00e3o as principais pragas iniciais da soja, quais riscos elas oferecem \u00e0s lavouras e quais s\u00e3o os cuidados necess\u00e1rios para mant\u00ea-las longe.","robots":{"index":"index","follow":"follow","max-snippet":"max-snippet:-1","max-image-preview":"max-image-preview:large","max-video-preview":"max-video-preview:-1"},"canonical":"https:\/\/www.neogensementes.com.br\/blog\/2024\/09\/05\/pragas-iniciais-da-soja-2\/","og_locale":"pt_BR","og_type":"article","og_title":"Pragas iniciais da soja: o que s\u00e3o e como mant\u00ea-las longe da lavoura - Blog Neogen sementes","og_description":"Descubra quais s\u00e3o as principais pragas iniciais da soja, quais riscos elas oferecem \u00e0s lavouras e quais s\u00e3o os cuidados necess\u00e1rios para mant\u00ea-las longe.","og_url":"https:\/\/www.neogensementes.com.br\/blog\/2024\/09\/05\/pragas-iniciais-da-soja-2\/","og_site_name":"Blog Neogen sementes","article_published_time":"2024-09-05T11:36:35+00:00","article_modified_time":"2024-09-05T13:59:37+00:00","og_image":[{"width":800,"height":450,"url":"http:\/\/www.neogensementes.com.br\/blog\/wp-content\/uploads\/sites\/2\/2024\/09\/CAPA_BLOG_NEOGEN_SETEMBRO_A02.png","type":"image\/png"}],"author":"alekigiela","twitter_card":"summary_large_image","twitter_misc":{"Escrito por":"alekigiela","Est. tempo de leitura":"4 minutos"},"schema":{"@context":"https:\/\/schema.org","@graph":[{"@type":"WebPage","@id":"https:\/\/www.neogensementes.com.br\/blog\/2024\/09\/05\/pragas-iniciais-da-soja-2\/","url":"https:\/\/www.neogensementes.com.br\/blog\/2024\/09\/05\/pragas-iniciais-da-soja-2\/","name":"Pragas iniciais da soja: o que s\u00e3o e como mant\u00ea-las longe da lavoura - Blog Neogen sementes","isPartOf":{"@id":"https:\/\/www.neogensementes.com.br\/blog\/#website"},"primaryImageOfPage":{"@id":"https:\/\/www.neogensementes.com.br\/blog\/2024\/09\/05\/pragas-iniciais-da-soja-2\/#primaryimage"},"image":{"@id":"https:\/\/www.neogensementes.com.br\/blog\/2024\/09\/05\/pragas-iniciais-da-soja-2\/#primaryimage"},"thumbnailUrl":"https:\/\/www.neogensementes.com.br\/blog\/wp-content\/uploads\/sites\/2\/2024\/09\/CAPA_BLOG_NEOGEN_SETEMBRO_A02.png","datePublished":"2024-09-05T11:36:35+00:00","dateModified":"2024-09-05T13:59:37+00:00","author":{"@id":"https:\/\/www.neogensementes.com.br\/blog\/#\/schema\/person\/7cdf72f640c442f07f30f69b78098b8d"},"description":"Descubra quais s\u00e3o as principais pragas iniciais da soja, quais riscos elas oferecem \u00e0s lavouras e quais s\u00e3o os cuidados necess\u00e1rios para mant\u00ea-las longe.","breadcrumb":{"@id":"https:\/\/www.neogensementes.com.br\/blog\/2024\/09\/05\/pragas-iniciais-da-soja-2\/#breadcrumb"},"inLanguage":"pt-BR","potentialAction":[{"@type":"ReadAction","target":["https:\/\/www.neogensementes.com.br\/blog\/2024\/09\/05\/pragas-iniciais-da-soja-2\/"]}]},{"@type":"ImageObject","inLanguage":"pt-BR","@id":"https:\/\/www.neogensementes.com.br\/blog\/2024\/09\/05\/pragas-iniciais-da-soja-2\/#primaryimage","url":"https:\/\/www.neogensementes.com.br\/blog\/wp-content\/uploads\/sites\/2\/2024\/09\/CAPA_BLOG_NEOGEN_SETEMBRO_A02.png","contentUrl":"https:\/\/www.neogensementes.com.br\/blog\/wp-content\/uploads\/sites\/2\/2024\/09\/CAPA_BLOG_NEOGEN_SETEMBRO_A02.png","width":800,"height":450},{"@type":"BreadcrumbList","@id":"https:\/\/www.neogensementes.com.br\/blog\/2024\/09\/05\/pragas-iniciais-da-soja-2\/#breadcrumb","itemListElement":[{"@type":"ListItem","position":1,"name":"In\u00edcio","item":"https:\/\/www.neogensementes.com.br\/blog\/"},{"@type":"ListItem","position":2,"name":"Pragas iniciais da soja: o que s\u00e3o e como mant\u00ea-las longe da lavoura"}]},{"@type":"WebSite","@id":"https:\/\/www.neogensementes.com.br\/blog\/#website","url":"https:\/\/www.neogensementes.com.br\/blog\/","name":"Blog Neogen sementes","description":"S\u00f3 mais um site Neogen Sites","potentialAction":[{"@type":"SearchAction","target":{"@type":"EntryPoint","urlTemplate":"https:\/\/www.neogensementes.com.br\/blog\/?s={search_term_string}"},"query-input":{"@type":"PropertyValueSpecification","valueRequired":true,"valueName":"search_term_string"}}],"inLanguage":"pt-BR"},{"@type":"Person","@id":"https:\/\/www.neogensementes.com.br\/blog\/#\/schema\/person\/7cdf72f640c442f07f30f69b78098b8d","name":"alekigiela","image":{"@type":"ImageObject","inLanguage":"pt-BR","@id":"https:\/\/www.neogensementes.com.br\/blog\/#\/schema\/person\/image\/","url":"https:\/\/secure.gravatar.com\/avatar\/79e82603c451d9f4a3dd14dac2f76c314357ec993e849354b965a32cb528bef1?s=96&d=mm&r=g","contentUrl":"https:\/\/secure.gravatar.com\/avatar\/79e82603c451d9f4a3dd14dac2f76c314357ec993e849354b965a32cb528bef1?s=96&d=mm&r=g","caption":"alekigiela"},"url":"https:\/\/www.neogensementes.com.br\/blog\/author\/alekigiela\/"}]}},"_links":{"self":[{"href":"https:\/\/www.neogensementes.com.br\/blog\/wp-json\/wp\/v2\/posts\/879","targetHints":{"allow":["GET"]}}],"collection":[{"href":"https:\/\/www.neogensementes.com.br\/blog\/wp-json\/wp\/v2\/posts"}],"about":[{"href":"https:\/\/www.neogensementes.com.br\/blog\/wp-json\/wp\/v2\/types\/post"}],"author":[{"embeddable":true,"href":"https:\/\/www.neogensementes.com.br\/blog\/wp-json\/wp\/v2\/users\/7"}],"replies":[{"embeddable":true,"href":"https:\/\/www.neogensementes.com.br\/blog\/wp-json\/wp\/v2\/comments?post=879"}],"version-history":[{"count":0,"href":"https:\/\/www.neogensementes.com.br\/blog\/wp-json\/wp\/v2\/posts\/879\/revisions"}],"wp:featuredmedia":[{"embeddable":true,"href":"https:\/\/www.neogensementes.com.br\/blog\/wp-json\/wp\/v2\/media\/880"}],"wp:attachment":[{"href":"https:\/\/www.neogensementes.com.br\/blog\/wp-json\/wp\/v2\/media?parent=879"}],"wp:term":[{"taxonomy":"category","embeddable":true,"href":"https:\/\/www.neogensementes.com.br\/blog\/wp-json\/wp\/v2\/categories?post=879"},{"taxonomy":"post_tag","embeddable":true,"href":"https:\/\/www.neogensementes.com.br\/blog\/wp-json\/wp\/v2\/tags?post=879"}],"curies":[{"name":"wp","href":"https:\/\/api.w.org\/{rel}","templated":true}]}}